{"id":2062,"date":"2012-10-21T13:30:53","date_gmt":"2012-10-21T11:30:53","guid":{"rendered":"http:\/\/www.zeleni-zabojcek.si\/zz\/?p=2062"},"modified":"2012-10-21T13:30:53","modified_gmt":"2012-10-21T11:30:53","slug":"o-korencku-radarju-ali-v-katerem-grmu-tici-zajec","status":"publish","type":"post","link":"https:\/\/zeleni-zabojcek.si\/za\/o-korencku-radarju-ali-v-katerem-grmu-tici-zajec\/","title":{"rendered":"O koren\u010dku, radarju ali v katerem grmu ti\u010di zajec"},"content":{"rendered":"<p><strong> koren\u010dku, radarju in rumeni pegi ali v katerem grmu ti\u010di karotenoid<\/strong><br \/>\nSkrivno znamenje ne-zelo-skrivnega reda ostrogledih zaboj\u010dkarjev: rumeno-rde\u010de-oran\u017eno obarvani plodovi med zobmi, na kro\u017eniku in sploh vse povsod. In malo zeleni v obraz, od <a href=\"http:\/\/oekobox-online.de\/v3\/shop\/zeleno\/s2\/ml.jsp?itemid=146\">\u0161pina\u010de.<\/a> Ta je v tem tednu vsekakor glavna (razen \u010de praznujete svoj svetovni dan, tedaj ne &#8211; slabo vpliva na absorpcijo kalcija).<br \/>\nVse o tem, zakaj morate jesti korenje, \u010de nimate radarja oziroma zakaj re\u010dete, da jeste korenje, \u010de ga imate in o vseh ostalih res nujnih re\u010deh, ki vam bodo pomagale pre\u017eiveti teden (seveda spet, naj poudarimo, le in samo \u010de boste naro\u010dili karotenoide in vitamine iz Zelenega zaboj\u010dka), pa <a href=\"https:\/\/www.zeleni-zabojcek.si\/zz\/2012\/10\/hrana-za-zavidljiv-vid\/\">v tem finem \u010dlanku<\/a>!<\/p>\n<p><strong>Kruha, kruha, kruha \u2013 spet ceneje!<\/strong><br \/>\nVse skupaj zveni kot kar poceni reklamna fraza (reklamna je res, a poceni ni, kajti oddelek za marketing dela v nedeljo, de\u017eurstvo). Je pa \u010disto res. Gre takole:<br \/>\nve\u010d kruha spe\u010dejo, ceneje je (saj veste, stalni stro\u0161ki, variabilni stro\u0161ki). In ker je ceneje, ga vi la\u017eje kupite.<br \/>\nZato sta zdaj oba najbolj priljubljena kruha ceneje! <a href=\"http:\/\/oekobox-online.de\/v3\/shop\/zeleno\/s2\/ml.jsp?categoryid=5\"><strong>R\u017eeni kruh in ovseni kruh<\/strong><\/a>. (Na\u0161 nasvet je, da naro\u010dite kar oba, teden je dolg in kruha sta res dobra).<\/p>\n<p><strong>So\u010denje, so\u010denje, so\u010denje \u2013 \u010das za napad nad prehlade!<\/strong><br \/>\n\u0160pina\u010da, <a href=\"http:\/\/oekobox-online.de\/v3\/shop\/zeleno\/s2\/ml.jsp?itemid=237\">brokolijevi listi,<\/a> <a href=\"http:\/\/oekobox-online.de\/v3\/shop\/zeleno\/s2\/ml.jsp?itemid=173\">pesa z zelenjem<\/a> (\u010de le ne bo slane), veliko je te zelenjave in jasno sadja, ki ga lahko spravite v okusne sokove!<\/p>\n<p><strong>Endivija<\/strong><br \/>\nTe je zdaj veliko in jo priporo\u010damo. Sve\u017ea, so\u010dna in presenetljivo dobra, saj je bilo veliko vode, malo vro\u010dega sonca, zato ni usnjata.<\/p>\n<p><strong>Imate osteoporozo? Dojite?<\/strong><br \/>\nKon\u010dno je tudi to prednost, saj danes praznujemo svetovni dan osteoporoze! Za darilo ob prazniku si naro\u010dite veliko porcijo zelja, ki je dober vir kalcija. Tudi doje\u010de matere (po La Leche League International ) si privo\u0161\u010dite veliko porcijo prav take, zelenolistne zelenjave, saj otroci ne dobijo kolik od tega. Vam pa dobite veliko kalcija, dober za kosti, dober za zobe.<br \/>\n\u010ce pa ne dojite niti nimate osteoporoze, privo\u0161\u010dite si veliko zeleno listne zelenjave preprosto zato, ker je tako zelo okusna (\u0161e posebej, \u010de je ne kuhate ure in ure)!<\/p>\n<p><strong>Kratka servisna o datumih dostave med prazniki<\/strong><br \/>\nPrihodnja dostava je seveda v \u010detrtek, 25. oktobra, nato v ponedeljek 29. oktobra ter naslednja izjemoma v <strong>petek<\/strong>, 2. novembra.<\/p>\n<p><strong>Nekaj res resnih misli o sortah zelenjave in sadja<\/strong><br \/>\nZaboj\u010dkarji smo majhno podjetje. Na\u0161i kmetje \u0161e manj\u0161i &#8211; zato imamo ve\u010d kmetov, da lahko napolnimo vse zaboj\u010dke. Vsak kmet sadi tisto zelenjavo in sorto zelenjave, ki pri njem dobro raste.<br \/>\nRecimo Retarji imajo njive v hladnej\u0161em, vla\u017enem bregu, kjer \u0161pina\u010da ne sili v cvet. Ko se v Obrije upre sonce, obi\u010dajna \u0161pina\u010da kot-bi-trenil-z-zaboj\u010dkom \u0161vigne v cvet. Zato Silva seje novozelandsko \u0161pina\u010do, da jo lahko dlje \u010dasa goji. \u017dal \u0161e ne moremo razlo\u010devati sort med seboj, tako vam ne moremo vnaprej povedati, kak\u0161no sorto \u0161pina\u010de boste dobili. Podobno je z radi\u010dem (rde\u010d, zelen, listnat, glavnat) in \u0161e kak\u0161na zelenjava je tak\u0161na. \u010ce ste naro\u010dili radi\u010d, boste dobili radi\u010d, ne znamo vam pa vnaprej povedati, ali bo v va\u0161em zaboj\u010dku rde\u010d radi\u010d ali zeleno listni.<\/p>\n<p>Gotovo bomo drugo leto \u017ee bolj\u0161i, a letos je \u0161e tako.<\/p>\n<p>\u017delimo vam krasno nedeljo ter tudi vse prihodnje dni prav take!<\/p>\n<p>Va\u0161i zeleni zaboj\u010dkarji<\/p>\n","protected":false},"excerpt":{"rendered":"<p>koren\u010dku, radarju in rumeni pegi ali v katerem grmu ti\u010di karotenoid Skrivno znamenje ne-zelo-skrivnega reda ostrogledih zaboj\u010dkarjev: rumeno-rde\u010de-oran\u017eno obarvani plodovi med zobmi, na kro\u017eniku in sploh vse povsod. In malo zeleni v obraz, od \u0161pina\u010de. Ta je v tem tednu vsekakor glavna (razen \u010de praznujete svoj svetovni dan, tedaj ne &#8211; slabo vpliva na absorpcijo&hellip; <a class=\"more-link\" href=\"https:\/\/zeleni-zabojcek.si\/za\/o-korencku-radarju-ali-v-katerem-grmu-tici-zajec\/\">Continue reading <span class=\"screen-reader-text\">O koren\u010dku, radarju ali v katerem grmu ti\u010di zajec<\/span><\/a><\/p>\n","protected":false},"author":5,"featured_media":0,"comment_status":"open","ping_status":"open","sticky":false,"template":"","format":"standard","meta":{"footnotes":""},"categories":[2,13],"tags":[],"class_list":["post-2062","post","type-post","status-publish","format-standard","hentry","category-listki","category-sveze-novicke","entry"],"_links":{"self":[{"href":"https:\/\/zeleni-zabojcek.si\/za\/wp-json\/wp\/v2\/posts\/2062","targetHints":{"allow":["GET"]}}],"collection":[{"href":"https:\/\/zeleni-zabojcek.si\/za\/wp-json\/wp\/v2\/posts"}],"about":[{"href":"https:\/\/zeleni-zabojcek.si\/za\/wp-json\/wp\/v2\/types\/post"}],"author":[{"embeddable":true,"href":"https:\/\/zeleni-zabojcek.si\/za\/wp-json\/wp\/v2\/users\/5"}],"replies":[{"embeddable":true,"href":"https:\/\/zeleni-zabojcek.si\/za\/wp-json\/wp\/v2\/comments?post=2062"}],"version-history":[{"count":0,"href":"https:\/\/zeleni-zabojcek.si\/za\/wp-json\/wp\/v2\/posts\/2062\/revisions"}],"wp:attachment":[{"href":"https:\/\/zeleni-zabojcek.si\/za\/wp-json\/wp\/v2\/media?parent=2062"}],"wp:term":[{"taxonomy":"category","embeddable":true,"href":"https:\/\/zeleni-zabojcek.si\/za\/wp-json\/wp\/v2\/categories?post=2062"},{"taxonomy":"post_tag","embeddable":true,"href":"https:\/\/zeleni-zabojcek.si\/za\/wp-json\/wp\/v2\/tags?post=2062"}],"curies":[{"name":"wp","href":"https:\/\/api.w.org\/{rel}","templated":true}]}}